{"id":143,"date":"2018-06-12T00:51:46","date_gmt":"2018-06-11T22:51:46","guid":{"rendered":"http:\/\/www.siph-asso.com\/?p=143"},"modified":"2018-07-29T08:28:48","modified_gmt":"2018-07-29T06:28:48","slug":"le-siph-fait-appel-a-vous","status":"publish","type":"post","link":"https:\/\/www.siph-asso.com\/?p=143","title":{"rendered":"LE SIPH FAIT APPEL A VOUS !"},"content":{"rendered":"<p><img loading=\"lazy\" decoding=\"async\" class=\"size-medium wp-image-13 alignleft\" src=\"http:\/\/www.siph-asso.com\/wp-content\/uploads\/2018\/07\/LOGO-5-SIPH-FB-300x300.jpg\" alt=\"\" width=\"300\" height=\"300\" \/><\/p>\n<p>Bonjour \u00e0 vous toutes et tous,<\/p>\n<p>LE SIPH FAIT APPEL A VOUS !<\/p>\n<p style=\"text-align: justify;\">L&#8217;association SIPH \u00e0 un projet, celui de rendre public et d\u00e9noncer les probl\u00e8mes rencontr\u00e9s par les personnes en situation d&#8217;handicap dans la vie courante aupr\u00e8s des collectivit\u00e9s et politiques. Ceci dans l&#8217;espoir que ces derniers nous entendent et mettent en place de nouvelles lois pouvant rendre la vie de tout \u00e0 chacun plus simple en termes de moyens mat\u00e9riels mais \u00e9galement humains. La finalit\u00e9 \u00e9tant de rendre notr<span class=\"text_exposed_show\">e soci\u00e9t\u00e9 actuelle la plus inclusive possible.<\/span><\/p>\n<div class=\"text_exposed_show\">\n<p style=\"text-align: justify;\">C&#8217;est dans cette optique que nous souhaiterions cr\u00e9er une vid\u00e9o de t\u00e9moignages personnels. Vous, dans votre quotidien, ce que vous pouvez ressentir en tant que personne handicap\u00e9e, en tant que parents d&#8217;enfants touch\u00e9s par le handicap.<\/p>\n<p style=\"text-align: justify;\">Ces t\u00e9moignages devront \u00eatre r\u00e9alis\u00e9s \u00e0 l&#8217;aide votre webcam, t\u00e9l\u00e9phone, tablette&#8230; Au travers d&#8217;un questionnaire qui vous sera envoy\u00e9 en priv\u00e9. Une fois cette vid\u00e9o termin\u00e9e, vous pourrez nous l&#8217;envoyer sur notre bo\u00eete mail : <a href=\"mailto:assosiph@gmail.com\">assosiph@gmail.com<\/a><\/p>\n<p style=\"text-align: justify;\">Lorsque celle-ci sera mont\u00e9e, elle servira de support de t\u00e9moignages appuyant nos demandes et diverses d\u00e9marches.<\/p>\n<p style=\"text-align: justify;\">Si ce projet vous int\u00e9resse, que vous vous sentez concern\u00e9, alors n&#8217;h\u00e9sitez pas \u00e0 nous envoyer un mail, je me ferais le plaisir de vous donner la marche \u00e0 suivre.<\/p>\n<p style=\"text-align: justify;\">D&#8217;avance, merci \u00e0 toutes celles et ceux qui contribueront \u00e0 ce projet. Celles et ceux qui nous aiderons en se sens, en nous partageant un petit peu de leur vie mais surtout de leur espoir qu&#8217;ils ou qu&#8217;elles souhaitent voir se r\u00e9aliser durant ces prochaines ann\u00e9es et pourquoi pas ces prochains mois.<\/p>\n<p style=\"text-align: justify;\">Merci \u00e0 vous<\/p>\n<p>S\u00e9bastien-G<br \/>\nSIPH<\/p>\n<\/div>\n","protected":false},"excerpt":{"rendered":"<p>Bonjour \u00e0 vous toutes et tous, LE SIPH FAIT APPEL A VOUS ! L&#8217;association SIPH \u00e0 un projet, celui de rendre public et d\u00e9noncer les probl\u00e8mes rencontr\u00e9s par les personnes en situation d&#8217;handicap dans la vie courante aupr\u00e8s des collectivit\u00e9s et politiques. Ceci dans l&#8217;espoir que ces derniers nous entendent et mettent en place de [&hellip;]<\/p>\n","protected":false},"author":1,"featured_media":0,"comment_status":"open","ping_status":"open","sticky":false,"template":"","format":"standard","meta":{"_exactmetrics_skip_tracking":false,"_exactmetrics_sitenote_active":false,"_exactmetrics_sitenote_note":"","_exactmetrics_sitenote_category":0,"_monsterinsights_skip_tracking":false,"_monsterinsights_sitenote_active":false,"_monsterinsights_sitenote_note":"","_monsterinsights_sitenote_category":0,"_uf_show_specific_survey":0,"_uf_disable_surveys":false,"footnotes":""},"categories":[1],"tags":[],"class_list":["post-143","post","type-post","status-publish","format-standard","hentry","category-non-classe"],"aioseo_notices":[],"_links":{"self":[{"href":"https:\/\/www.siph-asso.com\/index.php?rest_route=\/wp\/v2\/posts\/143","targetHints":{"allow":["GET"]}}],"collection":[{"href":"https:\/\/www.siph-asso.com\/index.php?rest_route=\/wp\/v2\/posts"}],"about":[{"href":"https:\/\/www.siph-asso.com\/index.php?rest_route=\/wp\/v2\/types\/post"}],"author":[{"embeddable":true,"href":"https:\/\/www.siph-asso.com\/index.php?rest_route=\/wp\/v2\/users\/1"}],"replies":[{"embeddable":true,"href":"https:\/\/www.siph-asso.com\/index.php?rest_route=%2Fwp%2Fv2%2Fcomments&post=143"}],"version-history":[{"count":2,"href":"https:\/\/www.siph-asso.com\/index.php?rest_route=\/wp\/v2\/posts\/143\/revisions"}],"predecessor-version":[{"id":145,"href":"https:\/\/www.siph-asso.com\/index.php?rest_route=\/wp\/v2\/posts\/143\/revisions\/145"}],"wp:attachment":[{"href":"https:\/\/www.siph-asso.com\/index.php?rest_route=%2Fwp%2Fv2%2Fmedia&parent=143"}],"wp:term":[{"taxonomy":"category","embeddable":true,"href":"https:\/\/www.siph-asso.com\/index.php?rest_route=%2Fwp%2Fv2%2Fcategories&post=143"},{"taxonomy":"post_tag","embeddable":true,"href":"https:\/\/www.siph-asso.com\/index.php?rest_route=%2Fwp%2Fv2%2Ftags&post=143"}],"curies":[{"name":"wp","href":"https:\/\/api.w.org\/{rel}","templated":true}]}}