{"id":149,"date":"2018-07-03T00:58:59","date_gmt":"2018-07-02T22:58:59","guid":{"rendered":"http:\/\/www.siph-asso.com\/?p=149"},"modified":"2022-09-19T00:28:59","modified_gmt":"2022-09-18T22:28:59","slug":"un-pas-de-plus-vers-les-formations-pour-les-personnes-en-situation-dhandicap","status":"publish","type":"post","link":"https:\/\/www.siph-asso.com\/?p=149","title":{"rendered":"Un pas de plus vers les formations pour les personnes en situation d&#8217;handicap"},"content":{"rendered":"<p><img loading=\"lazy\" decoding=\"async\" class=\"alignnone size-large wp-image-75\" style=\"text-align: justify;\" src=\"http:\/\/www.siph-asso.com\/wp-content\/uploads\/2018\/07\/SIPH-et-Sophie-Cluzel-1024x620.jpg\" alt=\"\" width=\"525\" height=\"318\" srcset=\"https:\/\/www.siph-asso.com\/wp-content\/uploads\/2018\/07\/SIPH-et-Sophie-Cluzel-1024x620.jpg 1024w, https:\/\/www.siph-asso.com\/wp-content\/uploads\/2018\/07\/SIPH-et-Sophie-Cluzel-300x182.jpg 300w, https:\/\/www.siph-asso.com\/wp-content\/uploads\/2018\/07\/SIPH-et-Sophie-Cluzel-768x465.jpg 768w, https:\/\/www.siph-asso.com\/wp-content\/uploads\/2018\/07\/SIPH-et-Sophie-Cluzel.jpg 1984w\" sizes=\"auto, (max-width: 525px) 100vw, 525px\" \/><\/p>\n<p style=\"text-align: justify;\">Merci \u00e0 Mme la Secr\u00e9taire d&#8217;Etat Charg\u00e9e aux personnes Handicap\u00e9es Sophie Cluzel pour sa visite et de nous avoir accord\u00e9 cette entrevue.<\/p>\n<p style=\"text-align: justify;\">Entrevue autour de laquelle certaines r\u00e9ponses concr\u00e8tes ont \u00e9t\u00e9 donn\u00e9es. Diff\u00e9rents sujets ont \u00e9t\u00e9 abord\u00e9s mais principalement celui de l&#8217;emploi.<\/p>\n<p style=\"text-align: justify;\">Des mesures vont \u00eatre prises concernant le circuit et l&#8217;orientation afin de d\u00e9boucher sur un emploi. Qu&#8217;il soit bien \u00e9videment question des EA (Entreprises Adapt\u00e9es) mais aussi des entreprises di<span class=\"text_exposed_show\">tes classiques.<\/span><\/p>\n<div class=\"text_exposed_show\">\n<p style=\"text-align: justify;\">\u00c0 l\u2019issue de cette visite, une convention relative \u00e0 l\u2019apprentissage des jeunes et adultes en situation de handicap a \u00e9t\u00e9 sign\u00e9e avec le Conseil r\u00e9gional, Enedis et l\u2019UNEA (Union nationale des entreprises adapt\u00e9es). Il s\u2019agit de la premi\u00e8re section d\u2019apprentissage inclusive pour adultes et jeunes handicap\u00e9s en Nouvelle-Aquitaine.<\/p>\n<\/div>\n","protected":false},"excerpt":{"rendered":"<p>Merci \u00e0 Mme la Secr\u00e9taire d&#8217;Etat Charg\u00e9e aux personnes Handicap\u00e9es Sophie Cluzel pour sa visite et de nous avoir accord\u00e9 cette entrevue. Entrevue autour de laquelle certaines r\u00e9ponses concr\u00e8tes ont \u00e9t\u00e9 donn\u00e9es. Diff\u00e9rents sujets ont \u00e9t\u00e9 abord\u00e9s mais principalement celui de l&#8217;emploi. Des mesures vont \u00eatre prises concernant le circuit et l&#8217;orientation afin de d\u00e9boucher [&hellip;]<\/p>\n","protected":false},"author":1,"featured_media":75,"comment_status":"open","ping_status":"open","sticky":false,"template":"","format":"standard","meta":{"_exactmetrics_skip_tracking":false,"_exactmetrics_sitenote_active":false,"_exactmetrics_sitenote_note":"","_exactmetrics_sitenote_category":0,"_monsterinsights_skip_tracking":false,"_monsterinsights_sitenote_active":false,"_monsterinsights_sitenote_note":"","_monsterinsights_sitenote_category":0,"_uf_show_specific_survey":0,"_uf_disable_surveys":false,"footnotes":""},"categories":[1],"tags":[],"class_list":["post-149","post","type-post","status-publish","format-standard","has-post-thumbnail","hentry","category-non-classe"],"aioseo_notices":[],"_links":{"self":[{"href":"https:\/\/www.siph-asso.com\/index.php?rest_route=\/wp\/v2\/posts\/149","targetHints":{"allow":["GET"]}}],"collection":[{"href":"https:\/\/www.siph-asso.com\/index.php?rest_route=\/wp\/v2\/posts"}],"about":[{"href":"https:\/\/www.siph-asso.com\/index.php?rest_route=\/wp\/v2\/types\/post"}],"author":[{"embeddable":true,"href":"https:\/\/www.siph-asso.com\/index.php?rest_route=\/wp\/v2\/users\/1"}],"replies":[{"embeddable":true,"href":"https:\/\/www.siph-asso.com\/index.php?rest_route=%2Fwp%2Fv2%2Fcomments&post=149"}],"version-history":[{"count":1,"href":"https:\/\/www.siph-asso.com\/index.php?rest_route=\/wp\/v2\/posts\/149\/revisions"}],"predecessor-version":[{"id":151,"href":"https:\/\/www.siph-asso.com\/index.php?rest_route=\/wp\/v2\/posts\/149\/revisions\/151"}],"wp:featuredmedia":[{"embeddable":true,"href":"https:\/\/www.siph-asso.com\/index.php?rest_route=\/wp\/v2\/media\/75"}],"wp:attachment":[{"href":"https:\/\/www.siph-asso.com\/index.php?rest_route=%2Fwp%2Fv2%2Fmedia&parent=149"}],"wp:term":[{"taxonomy":"category","embeddable":true,"href":"https:\/\/www.siph-asso.com\/index.php?rest_route=%2Fwp%2Fv2%2Fcategories&post=149"},{"taxonomy":"post_tag","embeddable":true,"href":"https:\/\/www.siph-asso.com\/index.php?rest_route=%2Fwp%2Fv2%2Ftags&post=149"}],"curies":[{"name":"wp","href":"https:\/\/api.w.org\/{rel}","templated":true}]}}