{"id":155,"date":"2018-07-19T01:03:31","date_gmt":"2018-07-18T23:03:31","guid":{"rendered":"http:\/\/www.siph-asso.com\/?p=155"},"modified":"2022-09-19T00:26:34","modified_gmt":"2022-09-18T22:26:34","slug":"bravo-a-vous-mr-le-senateur-eric-kerrouche-pour-votre-discours","status":"publish","type":"post","link":"https:\/\/www.siph-asso.com\/?p=155","title":{"rendered":"Bravo \u00e0 vous Mr le S\u00e9nateur\u00a0Eric Kerrouche\u00a0pour votre discours"},"content":{"rendered":"<p style=\"text-align: justify;\">Bravo \u00e0 vous Mr le S\u00e9nateur\u00a0<a class=\"profileLink\" role=\"button\" href=\"https:\/\/www.facebook.com\/eric.kerrouche?fref=gs&amp;dti=396132937567837&amp;hc_location=group\" rel=\"dialog\" data-hovercard=\"\/ajax\/hovercard\/user.php?id=752244486&amp;extragetparams=%7B%22fref%22%3A%22gs%22%2C%22directed_target_id%22%3A396132937567837%2C%22dti%22%3A396132937567837%2C%22hc_location%22%3A%22group%22%7D\" data-hovercard-prefer-more-content-show=\"1\">Eric Kerrouche<\/a>\u00a0pour votre discours cinglant de v\u00e9rit\u00e9 sur le sujet de l&#8217;accessibilit\u00e9 au logement des personnes en situation de handicap. Merci de porter notre parole avec le ton appropri\u00e9, \u00e0 savoir agac\u00e9 de ces promesses non tenues. De ce bilan plus que mitig\u00e9 qui ne peut aller que dans un sens, celui de perp\u00e9trer une discrimination que personne ne souhaite \u00e0 son prochain. Vous faites partie Mr le S\u00e9nateur de ces rares personnes qui d\u00e9tiennent encore cette grande qualit\u00e9 d&#8217;empathie et qui fait de vous un humaniste.<\/p>\n<p>S\u00e9bastien-G<\/p>\n<p><a href=\"https:\/\/www.facebook.com\/eric.kerrouche\/videos\/vb.752244486\/10156513370379487\/?type=3\">https:\/\/www.facebook.com\/eric.kerrouche\/videos\/vb.752244486\/10156513370379487\/?type=3<\/a><\/p>\n","protected":false},"excerpt":{"rendered":"<p>Bravo \u00e0 vous Mr le S\u00e9nateur\u00a0Eric Kerrouche\u00a0pour votre discours cinglant de v\u00e9rit\u00e9 sur le sujet de l&#8217;accessibilit\u00e9 au logement des personnes en situation de handicap. Merci de porter notre parole avec le ton appropri\u00e9, \u00e0 savoir agac\u00e9 de ces promesses non tenues. De ce bilan plus que mitig\u00e9 qui ne peut aller que dans un [&hellip;]<\/p>\n","protected":false},"author":1,"featured_media":1834,"comment_status":"open","ping_status":"open","sticky":false,"template":"","format":"standard","meta":{"_exactmetrics_skip_tracking":false,"_exactmetrics_sitenote_active":false,"_exactmetrics_sitenote_note":"","_exactmetrics_sitenote_category":0,"_monsterinsights_skip_tracking":false,"_monsterinsights_sitenote_active":false,"_monsterinsights_sitenote_note":"","_monsterinsights_sitenote_category":0,"_uf_show_specific_survey":0,"_uf_disable_surveys":false,"footnotes":""},"categories":[1],"tags":[],"class_list":["post-155","post","type-post","status-publish","format-standard","has-post-thumbnail","hentry","category-non-classe"],"aioseo_notices":[],"_links":{"self":[{"href":"https:\/\/www.siph-asso.com\/index.php?rest_route=\/wp\/v2\/posts\/155","targetHints":{"allow":["GET"]}}],"collection":[{"href":"https:\/\/www.siph-asso.com\/index.php?rest_route=\/wp\/v2\/posts"}],"about":[{"href":"https:\/\/www.siph-asso.com\/index.php?rest_route=\/wp\/v2\/types\/post"}],"author":[{"embeddable":true,"href":"https:\/\/www.siph-asso.com\/index.php?rest_route=\/wp\/v2\/users\/1"}],"replies":[{"embeddable":true,"href":"https:\/\/www.siph-asso.com\/index.php?rest_route=%2Fwp%2Fv2%2Fcomments&post=155"}],"version-history":[{"count":1,"href":"https:\/\/www.siph-asso.com\/index.php?rest_route=\/wp\/v2\/posts\/155\/revisions"}],"predecessor-version":[{"id":156,"href":"https:\/\/www.siph-asso.com\/index.php?rest_route=\/wp\/v2\/posts\/155\/revisions\/156"}],"wp:featuredmedia":[{"embeddable":true,"href":"https:\/\/www.siph-asso.com\/index.php?rest_route=\/wp\/v2\/media\/1834"}],"wp:attachment":[{"href":"https:\/\/www.siph-asso.com\/index.php?rest_route=%2Fwp%2Fv2%2Fmedia&parent=155"}],"wp:term":[{"taxonomy":"category","embeddable":true,"href":"https:\/\/www.siph-asso.com\/index.php?rest_route=%2Fwp%2Fv2%2Fcategories&post=155"},{"taxonomy":"post_tag","embeddable":true,"href":"https:\/\/www.siph-asso.com\/index.php?rest_route=%2Fwp%2Fv2%2Ftags&post=155"}],"curies":[{"name":"wp","href":"https:\/\/api.w.org\/{rel}","templated":true}]}}