{"id":157,"date":"2018-07-25T01:08:05","date_gmt":"2018-07-24T23:08:05","guid":{"rendered":"http:\/\/www.siph-asso.com\/?p=157"},"modified":"2022-09-19T00:27:18","modified_gmt":"2022-09-18T22:27:18","slug":"un-pas-de-plus-a-ete-fait-de-la-part-du-gouvernement-afin-de-faire-lumiere-sur-les-ea-entreprises-adaptees-nous-y-etions","status":"publish","type":"post","link":"https:\/\/www.siph-asso.com\/?p=157","title":{"rendered":"Un pas de plus a \u00e9t\u00e9 fait de la part du gouvernement afin de faire lumi\u00e8re sur les EA (entreprises Adapt\u00e9es) nous y \u00e9tions"},"content":{"rendered":"<div id='gallery-1' class='gallery galleryid-157 gallery-columns-3 gallery-size-thumbnail'><figure class='gallery-item'>\n\t\t\t<div class='gallery-icon landscape'>\n\t\t\t\t<a href='https:\/\/www.siph-asso.com\/?attachment_id=163'><img loading=\"lazy\" decoding=\"async\" width=\"150\" height=\"150\" src=\"https:\/\/www.siph-asso.com\/wp-content\/uploads\/2018\/07\/IMG_3314-150x150.jpg\" class=\"attachment-thumbnail size-thumbnail\" alt=\"\" srcset=\"https:\/\/www.siph-asso.com\/wp-content\/uploads\/2018\/07\/IMG_3314-150x150.jpg 150w, https:\/\/www.siph-asso.com\/wp-content\/uploads\/2018\/07\/IMG_3314-100x100.jpg 100w\" sizes=\"auto, (max-width: 150px) 100vw, 150px\" \/><\/a>\n\t\t\t<\/div><\/figure><figure class='gallery-item'>\n\t\t\t<div class='gallery-icon landscape'>\n\t\t\t\t<a href='https:\/\/www.siph-asso.com\/?attachment_id=162'><img loading=\"lazy\" decoding=\"async\" width=\"150\" height=\"150\" src=\"https:\/\/www.siph-asso.com\/wp-content\/uploads\/2018\/07\/IMG_3313-150x150.jpg\" class=\"attachment-thumbnail size-thumbnail\" alt=\"\" srcset=\"https:\/\/www.siph-asso.com\/wp-content\/uploads\/2018\/07\/IMG_3313-150x150.jpg 150w, https:\/\/www.siph-asso.com\/wp-content\/uploads\/2018\/07\/IMG_3313-100x100.jpg 100w\" sizes=\"auto, (max-width: 150px) 100vw, 150px\" \/><\/a>\n\t\t\t<\/div><\/figure><figure class='gallery-item'>\n\t\t\t<div class='gallery-icon landscape'>\n\t\t\t\t<a href='https:\/\/www.siph-asso.com\/?attachment_id=158'><img loading=\"lazy\" decoding=\"async\" width=\"150\" height=\"150\" src=\"https:\/\/www.siph-asso.com\/wp-content\/uploads\/2018\/07\/37757667_1800190720030605_6155679804461940736_n-150x150.jpg\" class=\"attachment-thumbnail size-thumbnail\" alt=\"\" srcset=\"https:\/\/www.siph-asso.com\/wp-content\/uploads\/2018\/07\/37757667_1800190720030605_6155679804461940736_n-150x150.jpg 150w, https:\/\/www.siph-asso.com\/wp-content\/uploads\/2018\/07\/37757667_1800190720030605_6155679804461940736_n-100x100.jpg 100w\" sizes=\"auto, (max-width: 150px) 100vw, 150px\" \/><\/a>\n\t\t\t<\/div><\/figure><figure class='gallery-item'>\n\t\t\t<div class='gallery-icon landscape'>\n\t\t\t\t<a href='https:\/\/www.siph-asso.com\/?attachment_id=160'><img loading=\"lazy\" decoding=\"async\" width=\"150\" height=\"150\" src=\"https:\/\/www.siph-asso.com\/wp-content\/uploads\/2018\/07\/IMG_3261-150x150.jpg\" class=\"attachment-thumbnail size-thumbnail\" alt=\"\" srcset=\"https:\/\/www.siph-asso.com\/wp-content\/uploads\/2018\/07\/IMG_3261-150x150.jpg 150w, https:\/\/www.siph-asso.com\/wp-content\/uploads\/2018\/07\/IMG_3261-100x100.jpg 100w\" sizes=\"auto, (max-width: 150px) 100vw, 150px\" \/><\/a>\n\t\t\t<\/div><\/figure><figure class='gallery-item'>\n\t\t\t<div class='gallery-icon landscape'>\n\t\t\t\t<a href='https:\/\/www.siph-asso.com\/?attachment_id=161'><img loading=\"lazy\" decoding=\"async\" width=\"150\" height=\"150\" src=\"https:\/\/www.siph-asso.com\/wp-content\/uploads\/2018\/07\/IMG_3287-150x150.jpg\" class=\"attachment-thumbnail size-thumbnail\" alt=\"\" srcset=\"https:\/\/www.siph-asso.com\/wp-content\/uploads\/2018\/07\/IMG_3287-150x150.jpg 150w, https:\/\/www.siph-asso.com\/wp-content\/uploads\/2018\/07\/IMG_3287-100x100.jpg 100w\" sizes=\"auto, (max-width: 150px) 100vw, 150px\" \/><\/a>\n\t\t\t<\/div><\/figure><figure class='gallery-item'>\n\t\t\t<div class='gallery-icon portrait'>\n\t\t\t\t<a href='https:\/\/www.siph-asso.com\/?attachment_id=159'><img loading=\"lazy\" decoding=\"async\" width=\"150\" height=\"150\" src=\"https:\/\/www.siph-asso.com\/wp-content\/uploads\/2018\/07\/37815069_1800191383363872_844427077615616000_n-150x150.jpg\" class=\"attachment-thumbnail size-thumbnail\" alt=\"\" srcset=\"https:\/\/www.siph-asso.com\/wp-content\/uploads\/2018\/07\/37815069_1800191383363872_844427077615616000_n-150x150.jpg 150w, https:\/\/www.siph-asso.com\/wp-content\/uploads\/2018\/07\/37815069_1800191383363872_844427077615616000_n-100x100.jpg 100w\" sizes=\"auto, (max-width: 150px) 100vw, 150px\" \/><\/a>\n\t\t\t<\/div><\/figure><figure class='gallery-item'>\n\t\t\t<div class='gallery-icon landscape'>\n\t\t\t\t<a href='https:\/\/www.siph-asso.com\/?attachment_id=164'><img loading=\"lazy\" decoding=\"async\" width=\"150\" height=\"150\" src=\"https:\/\/www.siph-asso.com\/wp-content\/uploads\/2018\/07\/Photos-6311-150x150.jpg\" class=\"attachment-thumbnail size-thumbnail\" alt=\"\" srcset=\"https:\/\/www.siph-asso.com\/wp-content\/uploads\/2018\/07\/Photos-6311-150x150.jpg 150w, https:\/\/www.siph-asso.com\/wp-content\/uploads\/2018\/07\/Photos-6311-100x100.jpg 100w\" sizes=\"auto, (max-width: 150px) 100vw, 150px\" \/><\/a>\n\t\t\t<\/div><\/figure>\n\t\t<\/div>\n\n<p style=\"text-align: justify;\">Le SIPH ainsi que l&#8217;UNEA, l&#8217;UNAPEI et l&#8217;APF \u00e9tions au rendez-vous \u00e0 Paris au minist\u00e8re du travail en ce Jeudi 12 Juillet 2018 en pr\u00e9sence de Mme la ministre Muriel Penicaud et de la secr\u00e9taire d&#8217;Etat (charg\u00e9e des personnes handicap\u00e9es) Sophie Cluzel. Un pas de plus a \u00e9t\u00e9 fait de la part du gouvernement afin de faire lumi\u00e8re sur les EA (entreprises Adapt\u00e9es) qui sont les acteurs principaux de l&#8217;\u00e9volution positive quand \u00e0 l&#8217;embauche des personnes en situation d&#8217;handicap.<\/p>\n<p style=\"text-align: justify;\">Les s<span class=\"text_exposed_show\">ignataires s\u2019engagent r\u00e9ciproquement dans un programme d\u2019actions qui comporte 3 volets :<\/span><\/p>\n<div class=\"text_exposed_show\">\n<p style=\"text-align: justify;\">1. L\u2019\u00e9volution du mod\u00e8le de l\u2019entreprise adapt\u00e9e dans une optique plus inclusive par :<\/p>\n<p style=\"text-align: justify;\">l\u2019accroissement de la mixit\u00e9 et de la diversit\u00e9 des publics de l\u2019entreprise en encadrant la proportion des salari\u00e9s handicap\u00e9s employ\u00e9s dans les entreprises adapt\u00e9es ;<br \/>\nla modernisation de la r\u00e9ponse accompagn\u00e9e du mod\u00e8le entreprise adapt\u00e9e. Elles b\u00e9n\u00e9ficieront notamment d\u2019une aide sp\u00e9cifique pour renforcer l\u2019accompagnement des salari\u00e9s en situation de de handicap mis \u00e0 disposition en vue de favoriser la r\u00e9alisation de leur projet professionnel.<\/p>\n<p style=\"text-align: justify;\">2. Deux exp\u00e9rimentations permettant aux entreprises adapt\u00e9es de renforcer la r\u00e9ponse accompagn\u00e9e des personnes en situation de handicap vers l\u2019emploi durable :<br \/>\nle contrat \u00e0 dur\u00e9e d\u00e9termin\u00e9e tremplin : un nouveau contrat de 24 mois maximum, permettant aux personnes handicap\u00e9es d\u2019acqu\u00e9rir une exp\u00e9rience professionnelle les conduisant vers l\u2019emploi durable ; l\u2019entreprise adapt\u00e9e de travail temporaire : l\u2019entreprise adapt\u00e9e pourra favoriser l\u2019insertion des personnes handicap\u00e9es en devenant une entreprise de travail temporaire d\u00e9di\u00e9e aux personnes handicap\u00e9es les plus \u00e9loign\u00e9es et tenues \u00e0 l\u2019\u00e9cart de l\u2019emploi.<\/p>\n<p style=\"text-align: justify;\">3. Un effort budg\u00e9taire historique de l\u2019Etat : pour accompagner le d\u00e9veloppement du secteur adapt\u00e9, l\u2019Etat augmentera son effort budg\u00e9taire d\u00e8s l\u2019ann\u00e9e prochaine, pour atteindre, avec le concours d\u2019autres financeurs, un budget de plus de 500 millions d\u2019euros \u00e0 horizon 2022.<\/p>\n<p style=\"text-align: justify;\">L\u2019engagement national Cap vers l\u2019entreprise inclusive fera l\u2019objet d\u2019une convention sp\u00e9cifique d\u00e9taill\u00e9e \u00e0 l\u2019automne 2018.<\/p>\n<p>SIPH<br \/>\nS\u00e9bastien-G<\/p>\n<\/div>\n","protected":false},"excerpt":{"rendered":"<p>Le SIPH ainsi que l&#8217;UNEA, l&#8217;UNAPEI et l&#8217;APF \u00e9tions au rendez-vous \u00e0 Paris au minist\u00e8re du travail en ce Jeudi 12 Juillet 2018 en pr\u00e9sence de Mme la ministre Muriel Penicaud et de la secr\u00e9taire d&#8217;Etat (charg\u00e9e des personnes handicap\u00e9es) Sophie Cluzel. Un pas de plus a \u00e9t\u00e9 fait de la part du gouvernement afin [&hellip;]<\/p>\n","protected":false},"author":1,"featured_media":1832,"comment_status":"open","ping_status":"open","sticky":false,"template":"","format":"standard","meta":{"_exactmetrics_skip_tracking":false,"_exactmetrics_sitenote_active":false,"_exactmetrics_sitenote_note":"","_exactmetrics_sitenote_category":0,"_monsterinsights_skip_tracking":false,"_monsterinsights_sitenote_active":false,"_monsterinsights_sitenote_note":"","_monsterinsights_sitenote_category":0,"_uf_show_specific_survey":0,"_uf_disable_surveys":false,"footnotes":""},"categories":[1],"tags":[],"class_list":["post-157","post","type-post","status-publish","format-standard","has-post-thumbnail","hentry","category-non-classe"],"aioseo_notices":[],"_links":{"self":[{"href":"https:\/\/www.siph-asso.com\/index.php?rest_route=\/wp\/v2\/posts\/157","targetHints":{"allow":["GET"]}}],"collection":[{"href":"https:\/\/www.siph-asso.com\/index.php?rest_route=\/wp\/v2\/posts"}],"about":[{"href":"https:\/\/www.siph-asso.com\/index.php?rest_route=\/wp\/v2\/types\/post"}],"author":[{"embeddable":true,"href":"https:\/\/www.siph-asso.com\/index.php?rest_route=\/wp\/v2\/users\/1"}],"replies":[{"embeddable":true,"href":"https:\/\/www.siph-asso.com\/index.php?rest_route=%2Fwp%2Fv2%2Fcomments&post=157"}],"version-history":[{"count":1,"href":"https:\/\/www.siph-asso.com\/index.php?rest_route=\/wp\/v2\/posts\/157\/revisions"}],"predecessor-version":[{"id":165,"href":"https:\/\/www.siph-asso.com\/index.php?rest_route=\/wp\/v2\/posts\/157\/revisions\/165"}],"wp:featuredmedia":[{"embeddable":true,"href":"https:\/\/www.siph-asso.com\/index.php?rest_route=\/wp\/v2\/media\/1832"}],"wp:attachment":[{"href":"https:\/\/www.siph-asso.com\/index.php?rest_route=%2Fwp%2Fv2%2Fmedia&parent=157"}],"wp:term":[{"taxonomy":"category","embeddable":true,"href":"https:\/\/www.siph-asso.com\/index.php?rest_route=%2Fwp%2Fv2%2Fcategories&post=157"},{"taxonomy":"post_tag","embeddable":true,"href":"https:\/\/www.siph-asso.com\/index.php?rest_route=%2Fwp%2Fv2%2Ftags&post=157"}],"curies":[{"name":"wp","href":"https:\/\/api.w.org\/{rel}","templated":true}]}}