{"id":550,"date":"2021-05-23T16:38:02","date_gmt":"2021-05-23T14:38:02","guid":{"rendered":"http:\/\/www.siph-asso.com\/?p=550"},"modified":"2022-09-19T00:20:42","modified_gmt":"2022-09-18T22:20:42","slug":"550","status":"publish","type":"post","link":"https:\/\/www.siph-asso.com\/?p=550","title":{"rendered":"Bulletin d&#8217;information du SIPH"},"content":{"rendered":"<div class=\"kvgmc6g5 cxmmr5t8 oygrvhab hcukyx3x c1et5uql ii04i59q\">\n<div dir=\"auto\">Bonjour,<\/div>\n<\/div>\n<div class=\"o9v6fnle cxmmr5t8 oygrvhab hcukyx3x c1et5uql ii04i59q\">\n<div dir=\"auto\">L&#8217;association SIPH vous transmet un bulletin d&#8217;information<\/div>\n<div dir=\"auto\">Dans celui-ci vous entendrez le pr\u00e9sident parler des injustices sociales envers les personnes en situation de handicap.<\/div>\n<div dir=\"auto\">Mais aussi un appel aux professionnels du lib\u00e9ral tels que les Avocats qui souhaiteraient \u00e9galement rejoindre notre cause afin de combattre \u00e0 nos c\u00f4t\u00e9s les injustices li\u00e9es au monde du handicap<\/div>\n<\/div>\n<div class=\"o9v6fnle cxmmr5t8 oygrvhab hcukyx3x c1et5uql ii04i59q\">\n<div dir=\"auto\">Merci de partager un maximum le lien de cette vid\u00e9o afin que le message puisse \u00eatre \u00e9cout\u00e9 par le plus de monde possible<\/div>\n<\/div>\n<div class=\"o9v6fnle cxmmr5t8 oygrvhab hcukyx3x c1et5uql ii04i59q\">\n<div dir=\"auto\">=&gt; <a class=\"oajrlxb2 g5ia77u1 qu0x051f esr5mh6w e9989ue4 r7d6kgcz rq0escxv nhd2j8a9 nc684nl6 p7hjln8o kvgmc6g5 cxmmr5t8 oygrvhab hcukyx3x jb3vyjys rz4wbd8a qt6c0cv9 a8nywdso i1ao9s8h esuyzwwr f1sip0of lzcic4wl py34i1dx gpro0wi8\" tabindex=\"0\" role=\"link\" href=\"https:\/\/l.facebook.com\/l.php?u=https%3A%2F%2Fyoutu.be%2F_FBtRhDTnuo%3Ffbclid%3DIwAR2Q8lhzLe5me1glJUnRCpNeOA-EwsrSkt3CcccA4iQ512bt7hMuSFEgutk&amp;h=AT0zs7TnYoztUJVEk2vAC2VwL9XZCoE1jaWOxstL0N6VMn2hRGVdmf4yYQF3u1gzI7dY7R_8-F5DpuRU_ex5sTJQdcEHuqE5V51AdtiRcnLvFKIKdPEfGZrX1c1Q94m3KwpA&amp;__tn__=-UK-R&amp;c[0]=AT1SsvSitgHF_6VktO2IsF9qAQaX8wp_P47--yyltuSZMMfs_fheVeluISoWUzwznqxQum7kejnB6dXhoh6rtFCQJPOsalgY0F0MqTsLarlzU1L6gtbS4CoHkXc8mgutm-FVPqSxJnQEYmjET6dVuM2UekXjqg7SBbSOan2PSxt5TzGkJvRp9UsCFMiZ23wJh08WnsVDWppo0N6oGFk\" target=\"_blank\" rel=\"nofollow noopener\">https:\/\/youtu.be\/_FBtRhDTnuo<\/a><\/div>\n<div dir=\"auto\"><a href=\"https:\/\/youtu.be\/_FBtRhDTnuo\"><img loading=\"lazy\" decoding=\"async\" class=\"alignnone wp-image-556\" src=\"http:\/\/www.siph-asso.com\/wp-content\/uploads\/2021\/12\/SIPH-Injustices-pour-les-personnes-handicapees.jpg\" alt=\"\" width=\"426\" height=\"288\" srcset=\"https:\/\/www.siph-asso.com\/wp-content\/uploads\/2021\/12\/SIPH-Injustices-pour-les-personnes-handicapees.jpg 749w, https:\/\/www.siph-asso.com\/wp-content\/uploads\/2021\/12\/SIPH-Injustices-pour-les-personnes-handicapees-300x203.jpg 300w\" sizes=\"auto, (max-width: 426px) 100vw, 426px\" \/><\/a><\/div>\n<\/div>\n<div dir=\"auto\">N&#8217;h\u00e9sitez pas \u00e9galement \u00e0 signer la p\u00e9tition sur la loi de 1975 au sujet de l&#8217;attribution de l&#8217;Allocation d&#8217;Adultes Handicap\u00e9s (AAH) sans conditions de ressources<\/div>\n<div class=\"o9v6fnle cxmmr5t8 oygrvhab hcukyx3x c1et5uql ii04i59q\">\n<div dir=\"auto\">Merci<\/div>\n<\/div>\n<div class=\"o9v6fnle cxmmr5t8 oygrvhab hcukyx3x c1et5uql ii04i59q\">\n<div dir=\"auto\"><span class=\"pq6dq46d tbxw36s4 knj5qynh kvgmc6g5 ditlmg2l oygrvhab nvdbi5me sf5mxxl7 gl3lb2sf hhz5lgdu\"><img loading=\"lazy\" decoding=\"async\" src=\"https:\/\/static.xx.fbcdn.net\/images\/emoji.php\/v9\/taa\/1.5\/16\/1f449.png\" alt=\"\ud83d\udc49\" width=\"16\" height=\"16\" \/><\/span> \ud835\udde3\ud835\uddd8\ud835\udde7\ud835\udddc\ud835\udde7\ud835\udddc\ud835\udde2\ud835\udde1 : <a class=\"oajrlxb2 g5ia77u1 qu0x051f esr5mh6w e9989ue4 r7d6kgcz rq0escxv nhd2j8a9 nc684nl6 p7hjln8o kvgmc6g5 cxmmr5t8 oygrvhab hcukyx3x jb3vyjys rz4wbd8a qt6c0cv9 a8nywdso i1ao9s8h esuyzwwr f1sip0of lzcic4wl py34i1dx gpro0wi8\" tabindex=\"0\" role=\"link\" href=\"https:\/\/l.facebook.com\/l.php?u=http%3A%2F%2Fchng.it%2FrZGM6hkBjt%3Ffbclid%3DIwAR0yDnaY-W_8GbjtSL0dBm_MQmsqo9dxQo_BCNsAwKX-NXliex_vgLWngs4&amp;h=AT0BWW5uCXzsvhinIVDaoQgoERkTd39W54-2eHWVDsadfDgL5PnFpgkXSyUdAXNZs8T8PoKgg1ODx_gKf7gaCngqOAhZQn4ug92sAzSFhxgHSbGcsWfM7kpMS0gmyMFCqtW-&amp;__tn__=-UK-R&amp;c[0]=AT1SsvSitgHF_6VktO2IsF9qAQaX8wp_P47--yyltuSZMMfs_fheVeluISoWUzwznqxQum7kejnB6dXhoh6rtFCQJPOsalgY0F0MqTsLarlzU1L6gtbS4CoHkXc8mgutm-FVPqSxJnQEYmjET6dVuM2UekXjqg7SBbSOan2PSxt5TzGkJvRp9UsCFMiZ23wJh08WnsVDWppo0N6oGFk\" target=\"_blank\" rel=\"nofollow noopener\">http:\/\/chng.it\/rZGM6hkBjt<\/a> <span class=\"pq6dq46d tbxw36s4 knj5qynh kvgmc6g5 ditlmg2l oygrvhab nvdbi5me sf5mxxl7 gl3lb2sf hhz5lgdu\"><img loading=\"lazy\" decoding=\"async\" src=\"https:\/\/static.xx.fbcdn.net\/images\/emoji.php\/v9\/t29\/1.5\/16\/1f448.png\" alt=\"\ud83d\udc48\" width=\"16\" height=\"16\" \/><\/span><\/div>\n<\/div>\n","protected":false},"excerpt":{"rendered":"<p>Bonjour, L&#8217;association SIPH vous transmet un bulletin d&#8217;information Dans celui-ci vous entendrez le pr\u00e9sident parler des injustices sociales envers les personnes en situation de handicap. Mais aussi un appel aux professionnels du lib\u00e9ral tels que les Avocats qui souhaiteraient \u00e9galement rejoindre notre cause afin de combattre \u00e0 nos c\u00f4t\u00e9s les injustices li\u00e9es au monde du [&hellip;]<\/p>\n","protected":false},"author":1,"featured_media":556,"comment_status":"open","ping_status":"open","sticky":false,"template":"","format":"standard","meta":{"_exactmetrics_skip_tracking":false,"_exactmetrics_sitenote_active":false,"_exactmetrics_sitenote_note":"","_exactmetrics_sitenote_category":0,"_monsterinsights_skip_tracking":false,"_monsterinsights_sitenote_active":false,"_monsterinsights_sitenote_note":"","_monsterinsights_sitenote_category":0,"_uf_show_specific_survey":0,"_uf_disable_surveys":false,"footnotes":""},"categories":[1],"tags":[],"class_list":["post-550","post","type-post","status-publish","format-standard","has-post-thumbnail","hentry","category-non-classe"],"aioseo_notices":[],"_links":{"self":[{"href":"https:\/\/www.siph-asso.com\/index.php?rest_route=\/wp\/v2\/posts\/550","targetHints":{"allow":["GET"]}}],"collection":[{"href":"https:\/\/www.siph-asso.com\/index.php?rest_route=\/wp\/v2\/posts"}],"about":[{"href":"https:\/\/www.siph-asso.com\/index.php?rest_route=\/wp\/v2\/types\/post"}],"author":[{"embeddable":true,"href":"https:\/\/www.siph-asso.com\/index.php?rest_route=\/wp\/v2\/users\/1"}],"replies":[{"embeddable":true,"href":"https:\/\/www.siph-asso.com\/index.php?rest_route=%2Fwp%2Fv2%2Fcomments&post=550"}],"version-history":[{"count":7,"href":"https:\/\/www.siph-asso.com\/index.php?rest_route=\/wp\/v2\/posts\/550\/revisions"}],"predecessor-version":[{"id":558,"href":"https:\/\/www.siph-asso.com\/index.php?rest_route=\/wp\/v2\/posts\/550\/revisions\/558"}],"wp:featuredmedia":[{"embeddable":true,"href":"https:\/\/www.siph-asso.com\/index.php?rest_route=\/wp\/v2\/media\/556"}],"wp:attachment":[{"href":"https:\/\/www.siph-asso.com\/index.php?rest_route=%2Fwp%2Fv2%2Fmedia&parent=550"}],"wp:term":[{"taxonomy":"category","embeddable":true,"href":"https:\/\/www.siph-asso.com\/index.php?rest_route=%2Fwp%2Fv2%2Fcategories&post=550"},{"taxonomy":"post_tag","embeddable":true,"href":"https:\/\/www.siph-asso.com\/index.php?rest_route=%2Fwp%2Fv2%2Ftags&post=550"}],"curies":[{"name":"wp","href":"https:\/\/api.w.org\/{rel}","templated":true}]}}