{"id":559,"date":"2021-06-16T16:53:25","date_gmt":"2021-06-16T14:53:25","guid":{"rendered":"http:\/\/www.siph-asso.com\/?p=559"},"modified":"2021-12-01T16:55:15","modified_gmt":"2021-12-01T15:55:15","slug":"association-siph-mails-et-lettres-envoyees-aux-deputees-au-sujet-de-la-deconjugalisation-aah","status":"publish","type":"post","link":"https:\/\/www.siph-asso.com\/?p=559","title":{"rendered":"Association SIPH &#8211; Mails et Lettres envoy\u00e9es aux D\u00e9put\u00e9(e)s au sujet de la D\u00e9conjugalisation AAH"},"content":{"rendered":"<div class=\"kvgmc6g5 cxmmr5t8 oygrvhab hcukyx3x c1et5uql ii04i59q\">\n<div dir=\"auto\">Bonjour,<\/div>\n<div dir=\"auto\"><\/div>\n<div dir=\"auto\">L&#8217;individualisation de l&#8217;AAH pour les personnes en couple est une mesure phare d&#8217;une proposition de loi qui sera discut\u00e9e le 17 juin 2021 \u00e0 l&#8217;Assembl\u00e9e nationale et donc demain.<\/div>\n<div dir=\"auto\"><\/div>\n<div dir=\"auto\">A ce juste titre l&#8217;association s&#8217;est donn\u00e9e les moyens de rentrer en contact avec la plupart des d\u00e9put\u00e9s afin que ces derniers puissent \u00eatre pr\u00e9sents dans l&#8217;h\u00e9micycle ce Jeudi et voter en faveur de ce texte pour qu&#8217;enfin les personnes en situation de handicap ne soient plus d\u00e9pendantes de leurs conjoint(e)s.<\/div>\n<div dir=\"auto\"><\/div>\n<div dir=\"auto\">Voici une liste non exhaustive de noms \u00e0 nous avoir r\u00e9pondu :<\/div>\n<div dir=\"auto\"><\/div>\n<\/div>\n<div class=\"o9v6fnle cxmmr5t8 oygrvhab hcukyx3x c1et5uql ii04i59q\">\n<div dir=\"auto\"><strong>&#8211; Fabien Roussel &#8211; (D\u00e9put\u00e9 du Nord)<\/strong><\/div>\n<div dir=\"auto\"><strong>&#8211; Lo\u00efc Prud&#8217;homme &#8211; (D\u00e9put\u00e9 de la Gironde)<\/strong><\/div>\n<div dir=\"auto\"><strong>&#8211; Paul Molac &#8211; (D\u00e9put\u00e9 du Morbihan)<\/strong><\/div>\n<div dir=\"auto\"><strong>&#8211; Christine Pires Beaune &#8211; (D\u00e9put\u00e9e du Puy-de-D\u00f4me)<\/strong><\/div>\n<div dir=\"auto\"><strong>&#8211; Sylvia Pinel &#8211; (D\u00e9put\u00e9e du Tarn-et-Garonne)<\/strong><\/div>\n<div dir=\"auto\"><strong>&#8211; Jeanine Dubi\u00e9 &#8211; (D\u00e9put\u00e9e des Hautes-Pyr\u00e9n\u00e9es)<\/strong><\/div>\n<div dir=\"auto\"><strong>&#8211; Laurence Trastour-Isnart &#8211; (D\u00e9put\u00e9e des Alpes-Maritimes)<\/strong><\/div>\n<div dir=\"auto\"><strong>&#8211; Guillaume Garot &#8211; (D\u00e9put\u00e9 de la Mayenne)<\/strong><\/div>\n<div dir=\"auto\"><strong>&#8211; Olivier FALORNI &#8211; (D\u00e9put\u00e9 Charente-Maritime)<\/strong><\/div>\n<div dir=\"auto\"><strong>&#8211; David HABIB &#8211; (D\u00e9put\u00e9 des Pyr\u00e9n\u00e9es-Atlantiques)<\/strong><\/div>\n<div dir=\"auto\"><strong>&#8211; Pierre Morel &#8211; (D\u00e9put\u00e9 de la Loz\u00e8re)<\/strong><\/div>\n<div dir=\"auto\"><strong>&#8211; Lise MAGNIER &#8211; (D\u00e9put\u00e9e de la Marne)<\/strong><\/div>\n<div dir=\"auto\"><strong>&#8211; Dino Cinieri &#8211; (D\u00e9put\u00e9 de la Loire)<\/strong><\/div>\n<div dir=\"auto\">&#8230;<\/div>\n<div dir=\"auto\">L&#8217;association se voulant totalement transparente dans ses actions et comme le souhaite le Pr\u00e9sident, vous pourrez donc \u00e0 loisir consulter ces \u00e9changes dans le post (fichier en PDF joint <a href=\"http:\/\/www.siph-asso.com\/wp-content\/uploads\/2021\/12\/Association-SIPH-Mails-et-Lettres-Deputes-Deconjugalisation-AAH.pdf\">Association SIPH &#8211; Mails et Lettres D\u00e9put\u00e9s &#8211; D\u00e9conjugalisation AAH<\/a> )<\/div>\n<\/div>\n<div class=\"o9v6fnle cxmmr5t8 oygrvhab hcukyx3x c1et5uql ii04i59q\">\n<div dir=\"auto\">L&#8217;association tient \u00e0 remercier tous ceux et toutes celles qui nous aurons r\u00e9pondu et bien au-del\u00e0 qui feront acte de leur pr\u00e9sence pour faire passer cette loi.<\/div>\n<div dir=\"auto\"><\/div>\n<div dir=\"auto\">Le pr\u00e9sident ainsi que le bureau seront en d\u00e9placement aujourd&#8217;hui en fin de journ\u00e9e sur Paris toujours dans le cadre du suivi en interpellant directement les membres du gouvernement.<\/div>\n<div dir=\"auto\"><\/div>\n<\/div>\n<div class=\"o9v6fnle cxmmr5t8 oygrvhab hcukyx3x c1et5uql ii04i59q\">\n<div dir=\"auto\">L&#8217;union fait la force !<\/div>\n<div dir=\"auto\"><\/div>\n<\/div>\n<div class=\"o9v6fnle cxmmr5t8 oygrvhab hcukyx3x c1et5uql ii04i59q\">\n<div dir=\"auto\">Les membres de l&#8217;association SIPH ainsi que son Pr\u00e9sident S\u00e9bastien-G<\/div>\n<\/div>\n","protected":false},"excerpt":{"rendered":"<p>Bonjour, L&#8217;individualisation de l&#8217;AAH pour les personnes en couple est une mesure phare d&#8217;une proposition de loi qui sera discut\u00e9e le 17 juin 2021 \u00e0 l&#8217;Assembl\u00e9e nationale et donc demain. A ce juste titre l&#8217;association s&#8217;est donn\u00e9e les moyens de rentrer en contact avec la plupart des d\u00e9put\u00e9s afin que ces derniers puissent \u00eatre pr\u00e9sents [&hellip;]<\/p>\n","protected":false},"author":1,"featured_media":0,"comment_status":"open","ping_status":"open","sticky":false,"template":"","format":"standard","meta":{"_exactmetrics_skip_tracking":false,"_exactmetrics_sitenote_active":false,"_exactmetrics_sitenote_note":"","_exactmetrics_sitenote_category":0,"_monsterinsights_skip_tracking":false,"_monsterinsights_sitenote_active":false,"_monsterinsights_sitenote_note":"","_monsterinsights_sitenote_category":0,"_uf_show_specific_survey":0,"_uf_disable_surveys":false,"footnotes":""},"categories":[1],"tags":[],"class_list":["post-559","post","type-post","status-publish","format-standard","hentry","category-non-classe"],"aioseo_notices":[],"_links":{"self":[{"href":"https:\/\/www.siph-asso.com\/index.php?rest_route=\/wp\/v2\/posts\/559","targetHints":{"allow":["GET"]}}],"collection":[{"href":"https:\/\/www.siph-asso.com\/index.php?rest_route=\/wp\/v2\/posts"}],"about":[{"href":"https:\/\/www.siph-asso.com\/index.php?rest_route=\/wp\/v2\/types\/post"}],"author":[{"embeddable":true,"href":"https:\/\/www.siph-asso.com\/index.php?rest_route=\/wp\/v2\/users\/1"}],"replies":[{"embeddable":true,"href":"https:\/\/www.siph-asso.com\/index.php?rest_route=%2Fwp%2Fv2%2Fcomments&post=559"}],"version-history":[{"count":3,"href":"https:\/\/www.siph-asso.com\/index.php?rest_route=\/wp\/v2\/posts\/559\/revisions"}],"predecessor-version":[{"id":563,"href":"https:\/\/www.siph-asso.com\/index.php?rest_route=\/wp\/v2\/posts\/559\/revisions\/563"}],"wp:attachment":[{"href":"https:\/\/www.siph-asso.com\/index.php?rest_route=%2Fwp%2Fv2%2Fmedia&parent=559"}],"wp:term":[{"taxonomy":"category","embeddable":true,"href":"https:\/\/www.siph-asso.com\/index.php?rest_route=%2Fwp%2Fv2%2Fcategories&post=559"},{"taxonomy":"post_tag","embeddable":true,"href":"https:\/\/www.siph-asso.com\/index.php?rest_route=%2Fwp%2Fv2%2Ftags&post=559"}],"curies":[{"name":"wp","href":"https:\/\/api.w.org\/{rel}","templated":true}]}}