{"id":579,"date":"2021-09-05T15:20:57","date_gmt":"2021-09-05T13:20:57","guid":{"rendered":"http:\/\/www.siph-asso.com\/?p=579"},"modified":"2022-09-19T00:11:26","modified_gmt":"2022-09-18T22:11:26","slug":"579","status":"publish","type":"post","link":"https:\/\/www.siph-asso.com\/?p=579","title":{"rendered":"Vid\u00e9o de l&#8217;entretien avec Ma\u00eetre Di Vizio (avocat \u00e0 Paris) et S\u00e9bastien-G (Pr\u00e9sident de l&#8217;association SIPH) sur les injustices li\u00e9es au Handicap"},"content":{"rendered":"<div class=\"kvgmc6g5 cxmmr5t8 oygrvhab hcukyx3x c1et5uql ii04i59q\">\n<div dir=\"auto\">Vid\u00e9o de l&#8217;entretien avec Ma\u00eetre Di Vizio (avocat \u00e0 Paris) et S\u00e9bastien-G (Pr\u00e9sident de l&#8217;association SIPH)<\/div>\n<div dir=\"auto\">Sur le sujet du Handicap et des politiques quasi absentes pour condamner et combattre toutes ces injustices encore beaucoup trop pr\u00e9sentes partout en France ! (Vid\u00e9o du 14 Juin dernier)<\/div>\n<div dir=\"auto\"><\/div>\n<\/div>\n<div class=\"o9v6fnle cxmmr5t8 oygrvhab hcukyx3x c1et5uql ii04i59q\">\n<div dir=\"auto\">Depuis l&#8217;association reste en contact avec l&#8217;avocat Ma\u00eetre Di Visio pour de futurs projets communs. Et ainsi pouvoir toujours mettre plus en lumi\u00e8re toutes ces in\u00e9galit\u00e9s<\/div>\n<div dir=\"auto\"><\/div>\n<div dir=\"auto\"><a href=\"https:\/\/www.youtube.com\/watch?v=-k5FyWgcrFw\">https:\/\/www.youtube.com\/watch?v=-k5FyWgcrFw<\/a><\/div>\n<div dir=\"auto\"><\/div>\n<\/div>\n<div dir=\"auto\"><a href=\"https:\/\/www.youtube.com\/watch?v=-k5FyWgcrFw\" target=\"_blank\" rel=\"noopener\"><img loading=\"lazy\" decoding=\"async\" class=\"alignnone wp-image-580\" src=\"http:\/\/www.siph-asso.com\/wp-content\/uploads\/2021\/12\/SIPH-DIVIZIO.jpg\" alt=\"\" width=\"455\" height=\"306\" srcset=\"https:\/\/www.siph-asso.com\/wp-content\/uploads\/2021\/12\/SIPH-DIVIZIO.jpg 743w, https:\/\/www.siph-asso.com\/wp-content\/uploads\/2021\/12\/SIPH-DIVIZIO-300x202.jpg 300w\" sizes=\"auto, (max-width: 455px) 100vw, 455px\" \/><\/a><\/div>\n","protected":false},"excerpt":{"rendered":"<p>Vid\u00e9o de l&#8217;entretien avec Ma\u00eetre Di Vizio (avocat \u00e0 Paris) et S\u00e9bastien-G (Pr\u00e9sident de l&#8217;association SIPH) Sur le sujet du Handicap et des politiques quasi absentes pour condamner et combattre toutes ces injustices encore beaucoup trop pr\u00e9sentes partout en France ! (Vid\u00e9o du 14 Juin dernier) Depuis l&#8217;association reste en contact avec l&#8217;avocat Ma\u00eetre Di [&hellip;]<\/p>\n","protected":false},"author":1,"featured_media":580,"comment_status":"open","ping_status":"open","sticky":false,"template":"","format":"standard","meta":{"_exactmetrics_skip_tracking":false,"_exactmetrics_sitenote_active":false,"_exactmetrics_sitenote_note":"","_exactmetrics_sitenote_category":0,"_monsterinsights_skip_tracking":false,"_monsterinsights_sitenote_active":false,"_monsterinsights_sitenote_note":"","_monsterinsights_sitenote_category":0,"_uf_show_specific_survey":0,"_uf_disable_surveys":false,"footnotes":""},"categories":[1],"tags":[],"class_list":["post-579","post","type-post","status-publish","format-standard","has-post-thumbnail","hentry","category-non-classe"],"aioseo_notices":[],"_links":{"self":[{"href":"https:\/\/www.siph-asso.com\/index.php?rest_route=\/wp\/v2\/posts\/579","targetHints":{"allow":["GET"]}}],"collection":[{"href":"https:\/\/www.siph-asso.com\/index.php?rest_route=\/wp\/v2\/posts"}],"about":[{"href":"https:\/\/www.siph-asso.com\/index.php?rest_route=\/wp\/v2\/types\/post"}],"author":[{"embeddable":true,"href":"https:\/\/www.siph-asso.com\/index.php?rest_route=\/wp\/v2\/users\/1"}],"replies":[{"embeddable":true,"href":"https:\/\/www.siph-asso.com\/index.php?rest_route=%2Fwp%2Fv2%2Fcomments&post=579"}],"version-history":[{"count":2,"href":"https:\/\/www.siph-asso.com\/index.php?rest_route=\/wp\/v2\/posts\/579\/revisions"}],"predecessor-version":[{"id":582,"href":"https:\/\/www.siph-asso.com\/index.php?rest_route=\/wp\/v2\/posts\/579\/revisions\/582"}],"wp:featuredmedia":[{"embeddable":true,"href":"https:\/\/www.siph-asso.com\/index.php?rest_route=\/wp\/v2\/media\/580"}],"wp:attachment":[{"href":"https:\/\/www.siph-asso.com\/index.php?rest_route=%2Fwp%2Fv2%2Fmedia&parent=579"}],"wp:term":[{"taxonomy":"category","embeddable":true,"href":"https:\/\/www.siph-asso.com\/index.php?rest_route=%2Fwp%2Fv2%2Fcategories&post=579"},{"taxonomy":"post_tag","embeddable":true,"href":"https:\/\/www.siph-asso.com\/index.php?rest_route=%2Fwp%2Fv2%2Ftags&post=579"}],"curies":[{"name":"wp","href":"https:\/\/api.w.org\/{rel}","templated":true}]}}