{"id":93,"date":"2018-05-30T22:12:23","date_gmt":"2018-05-30T20:12:23","guid":{"rendered":"http:\/\/www.siph-asso.com\/?p=93"},"modified":"2022-09-19T00:30:48","modified_gmt":"2022-09-18T22:30:48","slug":"93","status":"publish","type":"post","link":"https:\/\/www.siph-asso.com\/?p=93","title":{"rendered":"Au S\u00e9nat \u00e0 Paris le 17 Mai 2018"},"content":{"rendered":"<p>Merci \u00e0 la S\u00e9natrice Fran\u00e7oise Gatel ainsi que le S\u00e9nateur\u00a0<a class=\"profileLink\" role=\"button\" href=\"https:\/\/www.facebook.com\/eric.kerrouche?fref=gs&amp;dti=396132937567837&amp;hc_location=group\" rel=\"dialog\" data-hovercard=\"\/ajax\/hovercard\/user.php?id=752244486&amp;extragetparams=%7B%22fref%22%3A%22gs%22%2C%22directed_target_id%22%3A396132937567837%2C%22dti%22%3A396132937567837%2C%22hc_location%22%3A%22group%22%7D\" data-hovercard-prefer-more-content-show=\"1\">Eric Kerrouche<\/a>de nous avoir re\u00e7u, le SIPH ainsi que L&#8217;UNEA. De nous avoir permis de traiter du sujet de l&#8217;inclusion des personnes en situation du handicap afin d&#8217;y trouver des solutions concr\u00e8tes et n\u00e9cessaires au d\u00e9veloppement et \u00e9panouissement de ces derni\u00e8res au sein de notre soci\u00e9t\u00e9 actuelle<img loading=\"lazy\" decoding=\"async\" class=\"alignnone wp-image-94\" src=\"http:\/\/www.siph-asso.com\/wp-content\/uploads\/2018\/07\/2018-07-28-21_24_39-Sandrine-Dhellemmes-@SandrineDlm-_-Twitter.jpg\" alt=\"\" width=\"511\" height=\"383\" srcset=\"https:\/\/www.siph-asso.com\/wp-content\/uploads\/2018\/07\/2018-07-28-21_24_39-Sandrine-Dhellemmes-@SandrineDlm-_-Twitter.jpg 1024w, https:\/\/www.siph-asso.com\/wp-content\/uploads\/2018\/07\/2018-07-28-21_24_39-Sandrine-Dhellemmes-@SandrineDlm-_-Twitter-300x225.jpg 300w, https:\/\/www.siph-asso.com\/wp-content\/uploads\/2018\/07\/2018-07-28-21_24_39-Sandrine-Dhellemmes-@SandrineDlm-_-Twitter-768x576.jpg 768w\" sizes=\"auto, (max-width: 511px) 100vw, 511px\" \/><\/p>\n","protected":false},"excerpt":{"rendered":"<p>Merci \u00e0 la S\u00e9natrice Fran\u00e7oise Gatel ainsi que le S\u00e9nateur\u00a0Eric Kerrouchede nous avoir re\u00e7u, le SIPH ainsi que L&#8217;UNEA. De nous avoir permis de traiter du sujet de l&#8217;inclusion des personnes en situation du handicap afin d&#8217;y trouver des solutions concr\u00e8tes et n\u00e9cessaires au d\u00e9veloppement et \u00e9panouissement de ces derni\u00e8res au sein de notre soci\u00e9t\u00e9 [&hellip;]<\/p>\n","protected":false},"author":1,"featured_media":94,"comment_status":"open","ping_status":"open","sticky":false,"template":"","format":"standard","meta":{"_exactmetrics_skip_tracking":false,"_exactmetrics_sitenote_active":false,"_exactmetrics_sitenote_note":"","_exactmetrics_sitenote_category":0,"_monsterinsights_skip_tracking":false,"_monsterinsights_sitenote_active":false,"_monsterinsights_sitenote_note":"","_monsterinsights_sitenote_category":0,"_uf_show_specific_survey":0,"_uf_disable_surveys":false,"footnotes":""},"categories":[1],"tags":[],"class_list":["post-93","post","type-post","status-publish","format-standard","has-post-thumbnail","hentry","category-non-classe"],"aioseo_notices":[],"_links":{"self":[{"href":"https:\/\/www.siph-asso.com\/index.php?rest_route=\/wp\/v2\/posts\/93","targetHints":{"allow":["GET"]}}],"collection":[{"href":"https:\/\/www.siph-asso.com\/index.php?rest_route=\/wp\/v2\/posts"}],"about":[{"href":"https:\/\/www.siph-asso.com\/index.php?rest_route=\/wp\/v2\/types\/post"}],"author":[{"embeddable":true,"href":"https:\/\/www.siph-asso.com\/index.php?rest_route=\/wp\/v2\/users\/1"}],"replies":[{"embeddable":true,"href":"https:\/\/www.siph-asso.com\/index.php?rest_route=%2Fwp%2Fv2%2Fcomments&post=93"}],"version-history":[{"count":4,"href":"https:\/\/www.siph-asso.com\/index.php?rest_route=\/wp\/v2\/posts\/93\/revisions"}],"predecessor-version":[{"id":100,"href":"https:\/\/www.siph-asso.com\/index.php?rest_route=\/wp\/v2\/posts\/93\/revisions\/100"}],"wp:featuredmedia":[{"embeddable":true,"href":"https:\/\/www.siph-asso.com\/index.php?rest_route=\/wp\/v2\/media\/94"}],"wp:attachment":[{"href":"https:\/\/www.siph-asso.com\/index.php?rest_route=%2Fwp%2Fv2%2Fmedia&parent=93"}],"wp:term":[{"taxonomy":"category","embeddable":true,"href":"https:\/\/www.siph-asso.com\/index.php?rest_route=%2Fwp%2Fv2%2Fcategories&post=93"},{"taxonomy":"post_tag","embeddable":true,"href":"https:\/\/www.siph-asso.com\/index.php?rest_route=%2Fwp%2Fv2%2Ftags&post=93"}],"curies":[{"name":"wp","href":"https:\/\/api.w.org\/{rel}","templated":true}]}}